{"id":491,"date":"2012-09-01T11:54:46","date_gmt":"2012-09-01T11:54:46","guid":{"rendered":"http:\/\/tsimetz.olympe.in\/?p=491"},"modified":"2012-09-01T11:54:46","modified_gmt":"2012-09-01T11:54:46","slug":"xavier-tsi-1999-2001","status":"publish","type":"post","link":"https:\/\/www.tsi.lycee-louis-vincent.fr\/?p=491","title":{"rendered":"Xavier (TSI : 1999-2001)"},"content":{"rendered":"<h4 style=\"text-align: right;\"><span style=\"color: #993366;\">Bac STL Optique &#8211; INSA (Strasbourg) \u2013 VINCI<\/span><\/h4>\n<blockquote>\n<p style=\"text-align: justify;\">\u00a0La TSI\u00a0: beaucoup de travail mais avec le recul c\u2019est durant ces ann\u00e9es qu\u2019on apprend le plus la rigueur. L\u2019autonomie on l\u2019apprend ensuite. Par contre il n\u2019y a malheureusement plus grand-chose que j\u2019ai appris en pr\u00e9pa qui sert aujourd\u2019hui.<\/p>\n<p style=\"text-align: justify;\">Ecole d\u2019ing\u00e9nieur INSA Strasbourg (encore Ensais quand je suis rentr\u00e9 en 2001). Option \u00e9lectricit\u00e9. Beaucoup moins de travail que les ann\u00e9es pr\u00e9pa \u00e9videmment, mais pas le m\u00eame travail ni la m\u00eame attente donc plus d\u2019autonomie. Pas grand-chose sur le monde du travail avant l\u2019entr\u00e9e effective dans celui ci.<\/p>\n<p style=\"text-align: justify;\">Formation essentiellement technique, peu d\u2019\u00e9conomie et de sciences humaines. Trop peu de langues \u00e9trang\u00e8res, comme bien souvent en France.<\/p>\n<p style=\"text-align: justify;\">Un gouffre entre ce qu\u2019on apprend \u00e0 l\u2019\u00e9cole et la suite, mais l\u00e0 encore, rien de neuf sous le soleil.<\/p>\n<p style=\"text-align: justify;\">Le concret du quotidien actuel\u00a0: responsable d\u2019affaires dans une entreprise de TP appartenant au n\u00b01 mondial Vinci. Consiste en la gestion de chantiers de tailles vari\u00e9es, financi\u00e8rement et techniquement. Logique de travail quasi exclusivement bas\u00e9e sur le financier, ce qui minimise le r\u00f4le de l\u2019humain. L\u00e0 encore un gouffre entre les cravates grises des bureaux et les besoins r\u00e9els. Cravate grise que j\u2019ai l\u2019honneur de porter quelques fois, ce qui enl\u00e8ve en partie de l\u2019ironie \u00e0 la phrase pr\u00e9c\u00e9dente.<\/p>\n<p style=\"text-align: justify;\">Oui, bons souvenirs de pr\u00e9pa et de Louis Vincent, malgr\u00e9 tout l\u2019ouverture d\u2019une section f\u00e9minine aux abords du lyc\u00e9e am\u00e9liorerait le moral des pauvres \u00e9l\u00e8ves dont j\u2019ai fait partie, sans pour autant (enfin je crois) que les r\u00e9sultats en p\u00e2tissent, et \u00e9viterait peut \u00eatre aussi les probl\u00e8mes de vue cons\u00e9cutifs \u00e0 l\u2019incessante vision d\u2019un IPhone.<\/p>\n<\/blockquote>\n","protected":false},"excerpt":{"rendered":"<p>Bac STL Optique &#8211; INSA (Strasbourg) \u2013 VINCI \u00a0La TSI\u00a0: beaucoup de travail mais avec le recul c\u2019est durant ces ann\u00e9es qu\u2019on apprend le plus la rigueur. L\u2019autonomie on l\u2019apprend ensuite. Par contre il n\u2019y a malheureusement plus grand-chose que j\u2019ai appris en pr\u00e9pa qui sert aujourd\u2019hui. Ecole d\u2019ing\u00e9nieur INSA Strasbourg (encore Ensais quand je [&hellip;]<\/p>\n","protected":false},"author":1,"featured_media":0,"comment_status":"closed","ping_status":"closed","sticky":false,"template":"","format":"standard","meta":{"footnotes":""},"categories":[15,26],"tags":[],"_links":{"self":[{"href":"https:\/\/www.tsi.lycee-louis-vincent.fr\/index.php?rest_route=\/wp\/v2\/posts\/491"}],"collection":[{"href":"https:\/\/www.tsi.lycee-louis-vincent.fr\/index.php?rest_route=\/wp\/v2\/posts"}],"about":[{"href":"https:\/\/www.tsi.lycee-louis-vincent.fr\/index.php?rest_route=\/wp\/v2\/types\/post"}],"author":[{"embeddable":true,"href":"https:\/\/www.tsi.lycee-louis-vincent.fr\/index.php?rest_route=\/wp\/v2\/users\/1"}],"replies":[{"embeddable":true,"href":"https:\/\/www.tsi.lycee-louis-vincent.fr\/index.php?rest_route=%2Fwp%2Fv2%2Fcomments&post=491"}],"version-history":[{"count":0,"href":"https:\/\/www.tsi.lycee-louis-vincent.fr\/index.php?rest_route=\/wp\/v2\/posts\/491\/revisions"}],"wp:attachment":[{"href":"https:\/\/www.tsi.lycee-louis-vincent.fr\/index.php?rest_route=%2Fwp%2Fv2%2Fmedia&parent=491"}],"wp:term":[{"taxonomy":"category","embeddable":true,"href":"https:\/\/www.tsi.lycee-louis-vincent.fr\/index.php?rest_route=%2Fwp%2Fv2%2Fcategories&post=491"},{"taxonomy":"post_tag","embeddable":true,"href":"https:\/\/www.tsi.lycee-louis-vincent.fr\/index.php?rest_route=%2Fwp%2Fv2%2Ftags&post=491"}],"curies":[{"name":"wp","href":"https:\/\/api.w.org\/{rel}","templated":true}]}}